{"id":3198,"date":"2026-08-17T08:32:05","date_gmt":"2026-08-17T06:32:05","guid":{"rendered":"https:\/\/funpasos.org\/?p=3198"},"modified":"2026-08-27T13:35:31","modified_gmt":"2026-08-27T11:35:31","slug":"el-impacto-de-la-sequia-extrema-de-la-alerta-climatica-a-la-gestion-hidrica-integral","status":"publish","type":"post","link":"https:\/\/funpasos.org\/en\/el-impacto-de-la-sequia-extrema-de-la-alerta-climatica-a-la-gestion-hidrica-integral\/","title":{"rendered":"El impacto de la sequ\u00eda extrema: de la alerta clim\u00e1tica a la gesti\u00f3n h\u00eddrica integral\u00a0"},"content":{"rendered":"<p class=\"wp-block-paragraph\">Cada verano, las consecuencias de la crisis clim\u00e1tica se manifiestan de forma rotunda en la geograf\u00eda europea. Sin embargo, la paradoja h\u00eddrica de este a\u00f1o es m\u00e1s evidente que nunca: tras meses de intensas lluvias invernales y embalses recuperados, bastan unas semanas de calor extremo e hiper-evaporaci\u00f3n para reducir a m\u00ednimos hist\u00f3ricos el caudal de r\u00edos emblem\u00e1ticos como el Danubio o el Rin.&nbsp;<\/p>\n\n\n\n<p class=\"wp-block-paragraph\">La abundancia puntual del recurso ya no garantiza su disponibilidad durante el a\u00f1o.Esta fragilidad h\u00eddrica no es solo una variable ambiental: la falta de agua en verano afecta de manera directa a la econom\u00eda, compromete la producci\u00f3n energ\u00e9tica \u2014forzando la parada de centrales hidroel\u00e9ctricas y nucleares por falta de refrigeraci\u00f3n\u2014 e interrumpe arterias vitales para el transporte fluvial y la industria.&nbsp;<\/p>\n\n\n\n<p class=\"wp-block-paragraph\">La paulatina retirada de las aguas, que deja al descubierto desde vestigios de la Segunda Guerra Mundial hasta riesgos operativos como municiones sumergidas, evidencia que el agua condiciona la agricultura, la energ\u00eda y la seguridad de nuestras comunidades.&nbsp;&nbsp;<\/p>\n\n\n\n<p class=\"wp-block-paragraph\">En FUNPASOS abordamos este escenario con una visi\u00f3n clara: reaccionar \u00fanicamente cuando la sequ\u00eda aprieta no es suficiente. El verdadero reto t\u00e9cnico y social no es almacenar agua en abundancia, sino gestionar de forma inteligente, previsible y eficiente el ciclo h\u00eddrico completo.Proteger nuestros ecosistemas h\u00eddricos requiere impulsar soluciones basadas en la naturaleza, optimizar las infraestructuras de almacenamiento y concienciar sobre el valor del agua durante las cuatro estaciones.&nbsp;<\/p>\n\n\n\n<p class=\"wp-block-paragraph\">La resiliencia de nuestras zonas rurales y urbanas depende de c\u00f3mo anticipemos los picos extremos de un clima cada vez m\u00e1s impredecible.<\/p>","protected":false},"excerpt":{"rendered":"<p>Cada verano, las consecuencias de la crisis clim\u00e1tica se manifiestan de forma rotunda en la geograf\u00eda europea. Sin embargo, la paradoja h\u00eddrica de este a\u00f1o es m\u00e1s evidente que nunca: tras meses de intensas lluvias invernales y embalses recuperados, bastan unas semanas de calor extremo e hiper-evaporaci\u00f3n para reducir a m\u00ednimos hist\u00f3ricos el caudal de [&hellip;]<\/p>\n","protected":false},"author":1,"featured_media":3199,"comment_status":"open","ping_status":"open","sticky":false,"template":"","format":"standard","meta":{"_monsterinsights_skip_tracking":false,"footnotes":""},"categories":[26],"tags":[],"class_list":["post-3198","post","type-post","status-publish","format-standard","has-post-thumbnail","hentry","category-sostenibilidad"],"aioseo_notices":[],"aioseo_head":"\n\t\t<!-- All in One SEO 5.0.1.1 - aioseo.com -->\n\t<meta name=\"description\" content=\"Cada verano, las consecuencias de la crisis clim\u00e1tica se manifiestan de forma rotunda en la geograf\u00eda europea. Sin embargo, la paradoja h\u00eddrica de este a\u00f1o es m\u00e1s evidente que nunca: tras meses de intensas lluvias invernales y embalses recuperados, bastan unas semanas de calor extremo e hiper-evaporaci\u00f3n para reducir a m\u00ednimos hist\u00f3ricos el caudal de\" \/>\n\t<meta name=\"robots\" content=\"max-image-preview:large\" \/>\n\t<meta name=\"author\" content=\"admin\"\/>\n\t<meta name=\"google-site-verification\" content=\"wnfAr2pHsHovypNcQIVyIkAWpNMM9lNoCTGulYL3390\" \/>\n\t<link rel=\"canonical\" href=\"https:\/\/funpasos.org\/en\/el-impacto-de-la-sequia-extrema-de-la-alerta-climatica-a-la-gestion-hidrica-integral\/\" \/>\n\t<meta name=\"generator\" content=\"All in One SEO (AIOSEO) 5.0.1.1\" \/>\n\t\t<meta property=\"og:locale\" content=\"en_GB\" \/>\n\t\t<meta property=\"og:site_name\" content=\"FUNPASOS - Sitio web de la Fundaci\u00f3n por la Sostenibilidad Participativa\" \/>\n\t\t<meta property=\"og:type\" content=\"article\" \/>\n\t\t<meta property=\"og:title\" content=\"El impacto de la sequ\u00eda extrema: de la alerta clim\u00e1tica a la gesti\u00f3n h\u00eddrica integral -\" \/>\n\t\t<meta property=\"og:description\" content=\"Cada verano, las consecuencias de la crisis clim\u00e1tica se manifiestan de forma rotunda en la geograf\u00eda europea. Sin embargo, la paradoja h\u00eddrica de este a\u00f1o es m\u00e1s evidente que nunca: tras meses de intensas lluvias invernales y embalses recuperados, bastan unas semanas de calor extremo e hiper-evaporaci\u00f3n para reducir a m\u00ednimos hist\u00f3ricos el caudal de\" \/>\n\t\t<meta property=\"og:url\" content=\"https:\/\/funpasos.org\/en\/el-impacto-de-la-sequia-extrema-de-la-alerta-climatica-a-la-gestion-hidrica-integral\/\" \/>\n\t\t<meta property=\"og:image\" content=\"https:\/\/funpasos.org\/wp-content\/uploads\/2023\/12\/Logo-Animado-Gif-Bombilla-Luces-Diseno-Creatividad-Logro-Neon-Azul-edited.png\" \/>\n\t\t<meta property=\"og:image:secure_url\" content=\"https:\/\/funpasos.org\/wp-content\/uploads\/2023\/12\/Logo-Animado-Gif-Bombilla-Luces-Diseno-Creatividad-Logro-Neon-Azul-edited.png\" \/>\n\t\t<meta property=\"og:image:width\" content=\"370\" \/>\n\t\t<meta property=\"og:image:height\" content=\"370\" \/>\n\t\t<meta property=\"article:published_time\" content=\"2026-08-17T06:32:05+00:00\" \/>\n\t\t<meta property=\"article:modified_time\" content=\"2026-08-27T11:35:31+00:00\" \/>\n\t\t<meta property=\"article:publisher\" content=\"https:\/\/www.facebook.com\/Funpasos\" \/>\n\t\t<meta name=\"twitter:card\" content=\"summary_large_image\" \/>\n\t\t<meta name=\"twitter:site\" content=\"@Funpasos_\" \/>\n\t\t<meta name=\"twitter:title\" content=\"El impacto de la sequ\u00eda extrema: de la alerta clim\u00e1tica a la gesti\u00f3n h\u00eddrica integral -\" \/>\n\t\t<meta name=\"twitter:description\" content=\"Cada verano, las consecuencias de la crisis clim\u00e1tica se manifiestan de forma rotunda en la geograf\u00eda europea. Sin embargo, la paradoja h\u00eddrica de este a\u00f1o es m\u00e1s evidente que nunca: tras meses de intensas lluvias invernales y embalses recuperados, bastan unas semanas de calor extremo e hiper-evaporaci\u00f3n para reducir a m\u00ednimos hist\u00f3ricos el caudal de\" \/>\n\t\t<meta name=\"twitter:creator\" content=\"@Funpasos_\" \/>\n\t\t<meta name=\"twitter:image\" content=\"https:\/\/funpasos.org\/wp-content\/uploads\/2023\/12\/Logo-Animado-Gif-Bombilla-Luces-Diseno-Creatividad-Logro-Neon-Azul-edited.png\" \/>\n\t\t<script type=\"application\/ld+json\" class=\"aioseo-schema\">\n\t\t\t{\"@context\":\"https:\\\/\\\/schema.org\",\"@graph\":[{\"@type\":\"BlogPosting\",\"@id\":\"https:\\\/\\\/funpasos.org\\\/en\\\/el-impacto-de-la-sequia-extrema-de-la-alerta-climatica-a-la-gestion-hidrica-integral\\\/#blogposting\",\"name\":\"El impacto de la sequ\\u00eda extrema: de la alerta clim\\u00e1tica a la gesti\\u00f3n h\\u00eddrica integral -\",\"headline\":\"El impacto de la sequ\\u00eda extrema: de la alerta clim\\u00e1tica a la gesti\\u00f3n h\\u00eddrica integral\\u00a0\",\"author\":{\"@id\":\"https:\\\/\\\/funpasos.org\\\/en\\\/author\\\/infoinnogestiona_oqbn8cpp\\\/#author\"},\"publisher\":{\"@id\":\"https:\\\/\\\/funpasos.org\\\/en\\\/#organization\"},\"image\":{\"@type\":\"ImageObject\",\"url\":\"https:\\\/\\\/funpasos.org\\\/wp-content\\\/uploads\\\/2026\\\/08\\\/funpasos.png\",\"width\":512,\"height\":225},\"datePublished\":\"2026-08-17T08:32:05+02:00\",\"dateModified\":\"2026-08-27T13:35:31+02:00\",\"inLanguage\":\"en-GB\",\"mainEntityOfPage\":{\"@id\":\"https:\\\/\\\/funpasos.org\\\/en\\\/el-impacto-de-la-sequia-extrema-de-la-alerta-climatica-a-la-gestion-hidrica-integral\\\/#webpage\"},\"isPartOf\":{\"@id\":\"https:\\\/\\\/funpasos.org\\\/en\\\/el-impacto-de-la-sequia-extrema-de-la-alerta-climatica-a-la-gestion-hidrica-integral\\\/#webpage\"},\"articleSection\":\"SOSTENIBILIDAD\"},{\"@type\":\"BreadcrumbList\",\"@id\":\"https:\\\/\\\/funpasos.org\\\/en\\\/el-impacto-de-la-sequia-extrema-de-la-alerta-climatica-a-la-gestion-hidrica-integral\\\/#breadcrumblist\",\"itemListElement\":[{\"@type\":\"ListItem\",\"@id\":\"https:\\\/\\\/funpasos.org\\\/en#listItem\",\"position\":1,\"name\":\"Home\",\"item\":\"https:\\\/\\\/funpasos.org\\\/en\",\"nextItem\":{\"@type\":\"ListItem\",\"@id\":\"https:\\\/\\\/funpasos.org\\\/en\\\/category\\\/sostenibilidad\\\/#listItem\",\"name\":\"SOSTENIBILIDAD\"}},{\"@type\":\"ListItem\",\"@id\":\"https:\\\/\\\/funpasos.org\\\/en\\\/category\\\/sostenibilidad\\\/#listItem\",\"position\":2,\"name\":\"SOSTENIBILIDAD\",\"item\":\"https:\\\/\\\/funpasos.org\\\/en\\\/category\\\/sostenibilidad\\\/\",\"nextItem\":{\"@type\":\"ListItem\",\"@id\":\"https:\\\/\\\/funpasos.org\\\/en\\\/el-impacto-de-la-sequia-extrema-de-la-alerta-climatica-a-la-gestion-hidrica-integral\\\/#listItem\",\"name\":\"El impacto de la sequ\\u00eda extrema: de la alerta clim\\u00e1tica a la gesti\\u00f3n h\\u00eddrica integral\\u00a0\"},\"previousItem\":{\"@type\":\"ListItem\",\"@id\":\"https:\\\/\\\/funpasos.org\\\/en#listItem\",\"name\":\"Home\"}},{\"@type\":\"ListItem\",\"@id\":\"https:\\\/\\\/funpasos.org\\\/en\\\/el-impacto-de-la-sequia-extrema-de-la-alerta-climatica-a-la-gestion-hidrica-integral\\\/#listItem\",\"position\":3,\"name\":\"El impacto de la sequ\\u00eda extrema: de la alerta clim\\u00e1tica a la gesti\\u00f3n h\\u00eddrica integral\\u00a0\",\"previousItem\":{\"@type\":\"ListItem\",\"@id\":\"https:\\\/\\\/funpasos.org\\\/en\\\/category\\\/sostenibilidad\\\/#listItem\",\"name\":\"SOSTENIBILIDAD\"}}]},{\"@type\":\"Organization\",\"@id\":\"https:\\\/\\\/funpasos.org\\\/en\\\/#organization\",\"name\":\"FUNPASOS\",\"description\":\"PARA UN DESARROLLO SOSTENIBLE PARA TODAS Fundaci\\u00f3n espa\\u00f1ola creada para promover la sostenibilidad a trav\\u00e9s de la participaci\\u00f3n real de la ciudadan\\u00eda en las pol\\u00edticas necesarias para afrontar los retos medioambientales.\",\"url\":\"https:\\\/\\\/funpasos.org\\\/en\\\/\",\"telephone\":\"+34924207517\",\"logo\":{\"@type\":\"ImageObject\",\"url\":\"https:\\\/\\\/funpasos.org\\\/wp-content\\\/uploads\\\/2025\\\/03\\\/cropped-Logo-1.jpg\",\"@id\":\"https:\\\/\\\/funpasos.org\\\/en\\\/el-impacto-de-la-sequia-extrema-de-la-alerta-climatica-a-la-gestion-hidrica-integral\\\/#organizationLogo\",\"width\":512,\"height\":512},\"image\":{\"@id\":\"https:\\\/\\\/funpasos.org\\\/en\\\/el-impacto-de-la-sequia-extrema-de-la-alerta-climatica-a-la-gestion-hidrica-integral\\\/#organizationLogo\"},\"sameAs\":[\"https:\\\/\\\/www.facebook.com\\\/Funpasos\",\"https:\\\/\\\/x.com\\\/Funpasos_\",\"https:\\\/\\\/www.instagram.com\\\/funpasos\\\/\",\"https:\\\/\\\/www.linkedin.com\\\/in\\\/funpasos-fundacin-por-la-sostenibilidad-participativa-589b10246\\\/\"]},{\"@type\":\"Person\",\"@id\":\"https:\\\/\\\/funpasos.org\\\/en\\\/author\\\/infoinnogestiona_oqbn8cpp\\\/#author\",\"url\":\"https:\\\/\\\/funpasos.org\\\/en\\\/author\\\/infoinnogestiona_oqbn8cpp\\\/\",\"name\":\"admin\",\"image\":{\"@type\":\"ImageObject\",\"@id\":\"https:\\\/\\\/funpasos.org\\\/en\\\/el-impacto-de-la-sequia-extrema-de-la-alerta-climatica-a-la-gestion-hidrica-integral\\\/#authorImage\",\"url\":\"https:\\\/\\\/secure.gravatar.com\\\/avatar\\\/bf9627169c4f92e8d5b248ac0e8ae8a8ba57af82bcdf1c1ea7ff6ffa2e9a2ac9?s=96&d=mm&r=g\",\"width\":96,\"height\":96,\"caption\":\"admin\"}},{\"@type\":\"WebPage\",\"@id\":\"https:\\\/\\\/funpasos.org\\\/en\\\/el-impacto-de-la-sequia-extrema-de-la-alerta-climatica-a-la-gestion-hidrica-integral\\\/#webpage\",\"url\":\"https:\\\/\\\/funpasos.org\\\/en\\\/el-impacto-de-la-sequia-extrema-de-la-alerta-climatica-a-la-gestion-hidrica-integral\\\/\",\"name\":\"El impacto de la sequ\\u00eda extrema: de la alerta clim\\u00e1tica a la gesti\\u00f3n h\\u00eddrica integral -\",\"description\":\"Cada verano, las consecuencias de la crisis clim\\u00e1tica se manifiestan de forma rotunda en la geograf\\u00eda europea. Sin embargo, la paradoja h\\u00eddrica de este a\\u00f1o es m\\u00e1s evidente que nunca: tras meses de intensas lluvias invernales y embalses recuperados, bastan unas semanas de calor extremo e hiper-evaporaci\\u00f3n para reducir a m\\u00ednimos hist\\u00f3ricos el caudal de\",\"inLanguage\":\"en-GB\",\"isPartOf\":{\"@id\":\"https:\\\/\\\/funpasos.org\\\/en\\\/#website\"},\"breadcrumb\":{\"@id\":\"https:\\\/\\\/funpasos.org\\\/en\\\/el-impacto-de-la-sequia-extrema-de-la-alerta-climatica-a-la-gestion-hidrica-integral\\\/#breadcrumblist\"},\"author\":{\"@id\":\"https:\\\/\\\/funpasos.org\\\/en\\\/author\\\/infoinnogestiona_oqbn8cpp\\\/#author\"},\"creator\":{\"@id\":\"https:\\\/\\\/funpasos.org\\\/en\\\/author\\\/infoinnogestiona_oqbn8cpp\\\/#author\"},\"image\":{\"@type\":\"ImageObject\",\"url\":\"https:\\\/\\\/funpasos.org\\\/wp-content\\\/uploads\\\/2026\\\/08\\\/funpasos.png\",\"@id\":\"https:\\\/\\\/funpasos.org\\\/en\\\/el-impacto-de-la-sequia-extrema-de-la-alerta-climatica-a-la-gestion-hidrica-integral\\\/#mainImage\",\"width\":512,\"height\":225},\"primaryImageOfPage\":{\"@id\":\"https:\\\/\\\/funpasos.org\\\/en\\\/el-impacto-de-la-sequia-extrema-de-la-alerta-climatica-a-la-gestion-hidrica-integral\\\/#mainImage\"},\"datePublished\":\"2026-08-17T08:32:05+02:00\",\"dateModified\":\"2026-08-27T13:35:31+02:00\"},{\"@type\":\"WebSite\",\"@id\":\"https:\\\/\\\/funpasos.org\\\/en\\\/#website\",\"url\":\"https:\\\/\\\/funpasos.org\\\/en\\\/\",\"name\":\"FUNPASOS\",\"alternateName\":\"FUNPASOS\",\"description\":\"Sitio web de la Fundaci\\u00f3n por la Sostenibilidad Participativa\",\"inLanguage\":\"en-GB\",\"publisher\":{\"@id\":\"https:\\\/\\\/funpasos.org\\\/en\\\/#organization\"}}]}\n\t\t<\/script>\n\t\t<!-- All in One SEO -->\n\n","aioseo_head_json":{"title":"El impacto de la sequ\u00eda extrema: de la alerta clim\u00e1tica a la gesti\u00f3n h\u00eddrica integral -","description":"Cada verano, las consecuencias de la crisis clim\u00e1tica se manifiestan de forma rotunda en la geograf\u00eda europea. Sin embargo, la paradoja h\u00eddrica de este a\u00f1o es m\u00e1s evidente que nunca: tras meses de intensas lluvias invernales y embalses recuperados, bastan unas semanas de calor extremo e hiper-evaporaci\u00f3n para reducir a m\u00ednimos hist\u00f3ricos el caudal de","canonical_url":"https:\/\/funpasos.org\/en\/el-impacto-de-la-sequia-extrema-de-la-alerta-climatica-a-la-gestion-hidrica-integral\/","robots":"max-image-preview:large","keywords":"","webmasterTools":{"google-site-verification":"wnfAr2pHsHovypNcQIVyIkAWpNMM9lNoCTGulYL3390","miscellaneous":""},"schema":{"@context":"https:\/\/schema.org","@graph":[{"@type":"BlogPosting","@id":"https:\/\/funpasos.org\/en\/el-impacto-de-la-sequia-extrema-de-la-alerta-climatica-a-la-gestion-hidrica-integral\/#blogposting","name":"El impacto de la sequ\u00eda extrema: de la alerta clim\u00e1tica a la gesti\u00f3n h\u00eddrica integral -","headline":"El impacto de la sequ\u00eda extrema: de la alerta clim\u00e1tica a la gesti\u00f3n h\u00eddrica integral\u00a0","author":{"@id":"https:\/\/funpasos.org\/en\/author\/infoinnogestiona_oqbn8cpp\/#author"},"publisher":{"@id":"https:\/\/funpasos.org\/en\/#organization"},"image":{"@type":"ImageObject","url":"https:\/\/funpasos.org\/wp-content\/uploads\/2026\/08\/funpasos.png","width":512,"height":225},"datePublished":"2026-08-17T08:32:05+02:00","dateModified":"2026-08-27T13:35:31+02:00","inLanguage":"en-GB","mainEntityOfPage":{"@id":"https:\/\/funpasos.org\/en\/el-impacto-de-la-sequia-extrema-de-la-alerta-climatica-a-la-gestion-hidrica-integral\/#webpage"},"isPartOf":{"@id":"https:\/\/funpasos.org\/en\/el-impacto-de-la-sequia-extrema-de-la-alerta-climatica-a-la-gestion-hidrica-integral\/#webpage"},"articleSection":"SOSTENIBILIDAD"},{"@type":"BreadcrumbList","@id":"https:\/\/funpasos.org\/en\/el-impacto-de-la-sequia-extrema-de-la-alerta-climatica-a-la-gestion-hidrica-integral\/#breadcrumblist","itemListElement":[{"@type":"ListItem","@id":"https:\/\/funpasos.org\/en#listItem","position":1,"name":"Home","item":"https:\/\/funpasos.org\/en","nextItem":{"@type":"ListItem","@id":"https:\/\/funpasos.org\/en\/category\/sostenibilidad\/#listItem","name":"SOSTENIBILIDAD"}},{"@type":"ListItem","@id":"https:\/\/funpasos.org\/en\/category\/sostenibilidad\/#listItem","position":2,"name":"SOSTENIBILIDAD","item":"https:\/\/funpasos.org\/en\/category\/sostenibilidad\/","nextItem":{"@type":"ListItem","@id":"https:\/\/funpasos.org\/en\/el-impacto-de-la-sequia-extrema-de-la-alerta-climatica-a-la-gestion-hidrica-integral\/#listItem","name":"El impacto de la sequ\u00eda extrema: de la alerta clim\u00e1tica a la gesti\u00f3n h\u00eddrica integral\u00a0"},"previousItem":{"@type":"ListItem","@id":"https:\/\/funpasos.org\/en#listItem","name":"Home"}},{"@type":"ListItem","@id":"https:\/\/funpasos.org\/en\/el-impacto-de-la-sequia-extrema-de-la-alerta-climatica-a-la-gestion-hidrica-integral\/#listItem","position":3,"name":"El impacto de la sequ\u00eda extrema: de la alerta clim\u00e1tica a la gesti\u00f3n h\u00eddrica integral\u00a0","previousItem":{"@type":"ListItem","@id":"https:\/\/funpasos.org\/en\/category\/sostenibilidad\/#listItem","name":"SOSTENIBILIDAD"}}]},{"@type":"Organization","@id":"https:\/\/funpasos.org\/en\/#organization","name":"FUNPASOS","description":"PARA UN DESARROLLO SOSTENIBLE PARA TODAS Fundaci\u00f3n espa\u00f1ola creada para promover la sostenibilidad a trav\u00e9s de la participaci\u00f3n real de la ciudadan\u00eda en las pol\u00edticas necesarias para afrontar los retos medioambientales.","url":"https:\/\/funpasos.org\/en\/","telephone":"+34924207517","logo":{"@type":"ImageObject","url":"https:\/\/funpasos.org\/wp-content\/uploads\/2025\/03\/cropped-Logo-1.jpg","@id":"https:\/\/funpasos.org\/en\/el-impacto-de-la-sequia-extrema-de-la-alerta-climatica-a-la-gestion-hidrica-integral\/#organizationLogo","width":512,"height":512},"image":{"@id":"https:\/\/funpasos.org\/en\/el-impacto-de-la-sequia-extrema-de-la-alerta-climatica-a-la-gestion-hidrica-integral\/#organizationLogo"},"sameAs":["https:\/\/www.facebook.com\/Funpasos","https:\/\/x.com\/Funpasos_","https:\/\/www.instagram.com\/funpasos\/","https:\/\/www.linkedin.com\/in\/funpasos-fundacin-por-la-sostenibilidad-participativa-589b10246\/"]},{"@type":"Person","@id":"https:\/\/funpasos.org\/en\/author\/infoinnogestiona_oqbn8cpp\/#author","url":"https:\/\/funpasos.org\/en\/author\/infoinnogestiona_oqbn8cpp\/","name":"admin","image":{"@type":"ImageObject","@id":"https:\/\/funpasos.org\/en\/el-impacto-de-la-sequia-extrema-de-la-alerta-climatica-a-la-gestion-hidrica-integral\/#authorImage","url":"https:\/\/secure.gravatar.com\/avatar\/bf9627169c4f92e8d5b248ac0e8ae8a8ba57af82bcdf1c1ea7ff6ffa2e9a2ac9?s=96&d=mm&r=g","width":96,"height":96,"caption":"admin"}},{"@type":"WebPage","@id":"https:\/\/funpasos.org\/en\/el-impacto-de-la-sequia-extrema-de-la-alerta-climatica-a-la-gestion-hidrica-integral\/#webpage","url":"https:\/\/funpasos.org\/en\/el-impacto-de-la-sequia-extrema-de-la-alerta-climatica-a-la-gestion-hidrica-integral\/","name":"El impacto de la sequ\u00eda extrema: de la alerta clim\u00e1tica a la gesti\u00f3n h\u00eddrica integral -","description":"Cada verano, las consecuencias de la crisis clim\u00e1tica se manifiestan de forma rotunda en la geograf\u00eda europea. Sin embargo, la paradoja h\u00eddrica de este a\u00f1o es m\u00e1s evidente que nunca: tras meses de intensas lluvias invernales y embalses recuperados, bastan unas semanas de calor extremo e hiper-evaporaci\u00f3n para reducir a m\u00ednimos hist\u00f3ricos el caudal de","inLanguage":"en-GB","isPartOf":{"@id":"https:\/\/funpasos.org\/en\/#website"},"breadcrumb":{"@id":"https:\/\/funpasos.org\/en\/el-impacto-de-la-sequia-extrema-de-la-alerta-climatica-a-la-gestion-hidrica-integral\/#breadcrumblist"},"author":{"@id":"https:\/\/funpasos.org\/en\/author\/infoinnogestiona_oqbn8cpp\/#author"},"creator":{"@id":"https:\/\/funpasos.org\/en\/author\/infoinnogestiona_oqbn8cpp\/#author"},"image":{"@type":"ImageObject","url":"https:\/\/funpasos.org\/wp-content\/uploads\/2026\/08\/funpasos.png","@id":"https:\/\/funpasos.org\/en\/el-impacto-de-la-sequia-extrema-de-la-alerta-climatica-a-la-gestion-hidrica-integral\/#mainImage","width":512,"height":225},"primaryImageOfPage":{"@id":"https:\/\/funpasos.org\/en\/el-impacto-de-la-sequia-extrema-de-la-alerta-climatica-a-la-gestion-hidrica-integral\/#mainImage"},"datePublished":"2026-08-17T08:32:05+02:00","dateModified":"2026-08-27T13:35:31+02:00"},{"@type":"WebSite","@id":"https:\/\/funpasos.org\/en\/#website","url":"https:\/\/funpasos.org\/en\/","name":"FUNPASOS","alternateName":"FUNPASOS","description":"Sitio web de la Fundaci\u00f3n por la Sostenibilidad Participativa","inLanguage":"en-GB","publisher":{"@id":"https:\/\/funpasos.org\/en\/#organization"}}]},"og:locale":"en_GB","og:site_name":"FUNPASOS - Sitio web de la Fundaci\u00f3n por la Sostenibilidad Participativa","og:type":"article","og:title":"El impacto de la sequ\u00eda extrema: de la alerta clim\u00e1tica a la gesti\u00f3n h\u00eddrica integral -","og:description":"Cada verano, las consecuencias de la crisis clim\u00e1tica se manifiestan de forma rotunda en la geograf\u00eda europea. Sin embargo, la paradoja h\u00eddrica de este a\u00f1o es m\u00e1s evidente que nunca: tras meses de intensas lluvias invernales y embalses recuperados, bastan unas semanas de calor extremo e hiper-evaporaci\u00f3n para reducir a m\u00ednimos hist\u00f3ricos el caudal de","og:url":"https:\/\/funpasos.org\/en\/el-impacto-de-la-sequia-extrema-de-la-alerta-climatica-a-la-gestion-hidrica-integral\/","og:image":"https:\/\/funpasos.org\/wp-content\/uploads\/2023\/12\/Logo-Animado-Gif-Bombilla-Luces-Diseno-Creatividad-Logro-Neon-Azul-edited.png","og:image:secure_url":"https:\/\/funpasos.org\/wp-content\/uploads\/2023\/12\/Logo-Animado-Gif-Bombilla-Luces-Diseno-Creatividad-Logro-Neon-Azul-edited.png","og:image:width":370,"og:image:height":370,"article:published_time":"2026-08-17T06:32:05+00:00","article:modified_time":"2026-08-27T11:35:31+00:00","article:publisher":"https:\/\/www.facebook.com\/Funpasos","twitter:card":"summary_large_image","twitter:site":"@Funpasos_","twitter:title":"El impacto de la sequ\u00eda extrema: de la alerta clim\u00e1tica a la gesti\u00f3n h\u00eddrica integral -","twitter:description":"Cada verano, las consecuencias de la crisis clim\u00e1tica se manifiestan de forma rotunda en la geograf\u00eda europea. Sin embargo, la paradoja h\u00eddrica de este a\u00f1o es m\u00e1s evidente que nunca: tras meses de intensas lluvias invernales y embalses recuperados, bastan unas semanas de calor extremo e hiper-evaporaci\u00f3n para reducir a m\u00ednimos hist\u00f3ricos el caudal de","twitter:creator":"@Funpasos_","twitter:image":"https:\/\/funpasos.org\/wp-content\/uploads\/2023\/12\/Logo-Animado-Gif-Bombilla-Luces-Diseno-Creatividad-Logro-Neon-Azul-edited.png"},"aioseo_meta_data":{"post_id":"3198","title":"#post_title #separator_sa","description":null,"keywords":null,"keyphrases":{"focus":{"keyphrase":"","score":0,"analysis":{"keyphraseInTitle":{"score":0,"maxScore":9,"error":1}}},"additional":[]},"primary_term":null,"canonical_url":null,"og_title":null,"og_description":null,"og_object_type":"default","og_image_type":"default","og_image_url":null,"og_image_width":null,"og_image_height":null,"og_image_custom_url":null,"og_image_custom_fields":null,"og_video":"","og_custom_url":null,"og_article_section":null,"og_article_tags":null,"twitter_use_og":false,"twitter_card":"default","twitter_image_type":"default","twitter_image_url":null,"twitter_image_custom_url":null,"twitter_image_custom_fields":null,"twitter_title":null,"twitter_description":null,"schema":{"blockGraphs":[],"customGraphs":[],"default":{"data":{"Article":[],"Course":[],"Dataset":[],"FAQPage":[],"Movie":[],"Person":[],"Product":[],"ProductReview":[],"Car":[],"Recipe":[],"Service":[],"SoftwareApplication":[],"WebPage":[]},"graphName":"BlogPosting","isEnabled":true},"graphs":[]},"schema_type":"default","schema_type_options":null,"pillar_content":false,"robots_default":true,"robots_noindex":false,"robots_noarchive":false,"robots_nosnippet":false,"robots_nofollow":false,"robots_noimageindex":false,"robots_noodp":false,"robots_notranslate":false,"robots_max_snippet":"-1","robots_max_videopreview":"-1","robots_max_imagepreview":"large","priority":null,"frequency":"default","local_seo":null,"breadcrumb_settings":null,"limit_modified_date":false,"ai":{"faqs":[],"keyPoints":[],"schemas":[],"titles":[],"descriptions":[],"socialPosts":{"email":{"subject":"","preview":"","content":""},"linkedin":[],"twitter":[],"facebook":[],"instagram":[]}},"created":"2026-08-17 06:32:12","updated":"2026-08-27 22:05:23","seo_analyzer_scan_date":null,"focus_keyword":null,"additional_keywords":null,"truseo_locale":null},"aioseo_breadcrumb":"<div class=\"aioseo-breadcrumbs\"><span class=\"aioseo-breadcrumb\">\n\t\t\t<a href=\"https:\/\/funpasos.org\/en\" title=\"Home\">Home<\/a>\n\t\t<\/span><span class=\"aioseo-breadcrumb-separator\">&raquo;<\/span><span class=\"aioseo-breadcrumb\">\n\t\t\t<a href=\"https:\/\/funpasos.org\/en\/category\/sostenibilidad\/\" title=\"SOSTENIBILIDAD\">SOSTENIBILIDAD<\/a>\n\t\t<\/span><span class=\"aioseo-breadcrumb-separator\">&raquo;<\/span><span class=\"aioseo-breadcrumb\">\n\t\t\tEl impacto de la sequ\u00eda extrema: de la alerta clim\u00e1tica a la gesti\u00f3n h\u00eddrica integral \n\t\t<\/span><\/div>","aioseo_breadcrumb_json":[{"label":"Home","link":"https:\/\/funpasos.org\/en"},{"label":"SOSTENIBILIDAD","link":"https:\/\/funpasos.org\/en\/category\/sostenibilidad\/"},{"label":"El impacto de la sequ\u00eda extrema: de la alerta clim\u00e1tica a la gesti\u00f3n h\u00eddrica integral\u00a0","link":"https:\/\/funpasos.org\/en\/el-impacto-de-la-sequia-extrema-de-la-alerta-climatica-a-la-gestion-hidrica-integral\/"}],"_links":{"self":[{"href":"https:\/\/funpasos.org\/en\/wp-json\/wp\/v2\/posts\/3198","targetHints":{"allow":["GET"]}}],"collection":[{"href":"https:\/\/funpasos.org\/en\/wp-json\/wp\/v2\/posts"}],"about":[{"href":"https:\/\/funpasos.org\/en\/wp-json\/wp\/v2\/types\/post"}],"author":[{"embeddable":true,"href":"https:\/\/funpasos.org\/en\/wp-json\/wp\/v2\/users\/1"}],"replies":[{"embeddable":true,"href":"https:\/\/funpasos.org\/en\/wp-json\/wp\/v2\/comments?post=3198"}],"version-history":[{"count":1,"href":"https:\/\/funpasos.org\/en\/wp-json\/wp\/v2\/posts\/3198\/revisions"}],"predecessor-version":[{"id":3200,"href":"https:\/\/funpasos.org\/en\/wp-json\/wp\/v2\/posts\/3198\/revisions\/3200"}],"wp:featuredmedia":[{"embeddable":true,"href":"https:\/\/funpasos.org\/en\/wp-json\/wp\/v2\/media\/3199"}],"wp:attachment":[{"href":"https:\/\/funpasos.org\/en\/wp-json\/wp\/v2\/media?parent=3198"}],"wp:term":[{"taxonomy":"category","embeddable":true,"href":"https:\/\/funpasos.org\/en\/wp-json\/wp\/v2\/categories?post=3198"},{"taxonomy":"post_tag","embeddable":true,"href":"https:\/\/funpasos.org\/en\/wp-json\/wp\/v2\/tags?post=3198"}],"curies":[{"name":"wp","href":"https:\/\/api.w.org\/{rel}","templated":true}]}}