{"id":3211,"date":"2026-08-31T11:02:00","date_gmt":"2026-08-31T09:02:00","guid":{"rendered":"https:\/\/funpasos.org\/?p=3211"},"modified":"2026-08-28T13:04:40","modified_gmt":"2026-08-28T11:04:40","slug":"el-territorio-gana-peso-en-los-proyectos-de-transicion","status":"publish","type":"post","link":"https:\/\/funpasos.org\/en\/el-territorio-gana-peso-en-los-proyectos-de-transicion\/","title":{"rendered":"El territorio gana peso en los proyectos de transici\u00f3n"},"content":{"rendered":"<p class=\"wp-block-paragraph\">El verano de 2026 est\u00e1 dejando varias se\u00f1ales de un cambio relevante: la dimensi\u00f3n social y territorial de los proyectos de transici\u00f3n energ\u00e9tica y digital est\u00e1 adquiriendo un peso creciente.<\/p>\n\n\n\n<p class=\"wp-block-paragraph\">No se trata de afirmar que la oposici\u00f3n social est\u00e9 detr\u00e1s de cada cambio normativo ni de que exista un rechazo generalizado a estos proyectos. La cuesti\u00f3n es m\u00e1s amplia: participaci\u00f3n, impactos locales, distribuci\u00f3n de beneficios e integraci\u00f3n territorial est\u00e1n entrando con mayor claridad en la agenda de administraciones y promotores.<\/p>\n\n\n\n<p class=\"wp-block-paragraph\"><strong>Biometano: un conflicto territorial que pone el foco en la participaci\u00f3n<\/strong><\/p>\n\n\n\n<p class=\"wp-block-paragraph\">Castilla-La Mancha ofrece uno de los ejemplos m\u00e1s visibles. La Ley 5\/2026, aprobada el 16 de julio, modifica la Ley de Evaluaci\u00f3n Ambiental auton\u00f3mica. Aunque su tramitaci\u00f3n ten\u00eda antecedentes en 2025 y no ser\u00eda correcto atribuir su aprobaci\u00f3n \u00fanicamente a la contestaci\u00f3n social generada por las plantas de biometano, s\u00ed resulta significativo que refuerce la intervenci\u00f3n de los Ayuntamientos e incorpore la consideraci\u00f3n de la afecci\u00f3n socioecon\u00f3mica de los proyectos.<\/p>\n\n\n\n<p class=\"wp-block-paragraph\">Paralelamente, y en un proceso ya s\u00ed directamente relacionado con el debate sobre el modelo de implantaci\u00f3n del biometano, la Junta de Castilla-La Mancha ha sometido a participaci\u00f3n p\u00fablica, entre el 28 de julio y el 24 de agosto, el proyecto de Decreto sobre la gesti\u00f3n de residuos org\u00e1nicos mediante su transformaci\u00f3n en biometano. El anterior Plan Regional de Biometanizaci\u00f3n fue retirado tras recibir m\u00e1s de 15.000 alegaciones.<\/p>\n\n\n\n<p class=\"wp-block-paragraph\"><strong>Centros de datos: una cuesti\u00f3n que empieza a anticiparse<\/strong><\/p>\n\n\n\n<p class=\"wp-block-paragraph\">El caso de los centros de datos requiere una lectura diferente. En Espa\u00f1a no existe actualmente una oposici\u00f3n social generalizada, aunque s\u00ed empiezan a plantearse debates sobre su impacto territorial, especialmente por el consumo energ\u00e9tico y de agua, el suelo y la capacidad de las redes.<\/p>\n\n\n\n<p class=\"wp-block-paragraph\">En este contexto, el Gobierno acaba de presentar un proyecto de Real Decreto que establece requisitos de sostenibilidad energ\u00e9tica y medioambiental, resiliencia y soberan\u00eda digital para los centros de datos, sometido a audiencia e informaci\u00f3n p\u00fablica hasta el 4 de septiembre.<\/p>\n\n\n\n<p class=\"wp-block-paragraph\">La regulaci\u00f3n no responde a una protesta social generalizada en Espa\u00f1a, pero resulta significativa porque incorpora cuestiones que pueden adquirir una dimensi\u00f3n territorial y social a medida que aumente el despliegue de estas infraestructuras. Fuera de Espa\u00f1a ya existen se\u00f1ales m\u00e1s claras: en Francia , por ejemplo, se multiplican los conflictos locales vinculados al suelo y al consumo de electricidad y agua, mientras que en Escocia se est\u00e1 reforzando el control sobre los grandes proyectos, poniendo el foco en su impacto sobre las comunidades y en la generaci\u00f3n de beneficios p\u00fablicos.<\/p>\n\n\n\n<p class=\"wp-block-paragraph\"><strong>Europa: la participaci\u00f3n p\u00fablica entra en la agenda de la transici\u00f3n<\/strong><\/p>\n\n\n\n<p class=\"wp-block-paragraph\">En julio, la Comisi\u00f3n Europea public\u00f3 la \u201c<em>Public Inclusion Toolbox for Renewable Energy\u201d<\/em>, una herramienta dirigida a los Estados miembros para mejorar la participaci\u00f3n p\u00fablica en los proyectos renovables. La Comisi\u00f3n reconoce que la falta de aceptaci\u00f3n puede retrasar o incluso bloquear proyectos y propone combinar la participaci\u00f3n procedimental con medidas de creaci\u00f3n de confianza y mecanismos de participaci\u00f3n econ\u00f3mica y reparto de beneficios.<\/p>\n\n\n\n<p class=\"wp-block-paragraph\">La aceptaci\u00f3n social empieza as\u00ed a considerarse no s\u00f3lo una cuesti\u00f3n de comunicaci\u00f3n, sino tambi\u00e9n un factor relacionado con la velocidad, el coste y la viabilidad del despliegue.<\/p>\n\n\n\n<p class=\"wp-block-paragraph\">En este contexto resulta especialmente interesante la iniciativa desarrollada en Catalu\u00f1a. Tres cl\u00fasteres energ\u00e9ticos y de residuos, con la colaboraci\u00f3n de ARC Mediaci\u00f3 Ambiental e ICAEN, presentaron el pasado 10 de julio una \u201c<em>Gu\u00eda para la gesti\u00f3n de la licencia social y la integraci\u00f3n de los proyectos de transici\u00f3n ecol\u00f3gica en Catalu\u00f1a\u201d.<\/em><\/p>\n\n\n\n<p class=\"wp-block-paragraph\">Su planteamiento parte de una idea sencilla: los proyectos de transici\u00f3n no deber\u00edan abordar su relaci\u00f3n con el territorio \u00fanicamente cuando aparece el conflicto.<\/p>\n\n\n\n<p class=\"wp-block-paragraph\">La gu\u00eda propone herramientas para identificar actores y posibles conflictos, mejorar el di\u00e1logo y la participaci\u00f3n, generar confianza y favorecer una mejor integraci\u00f3n territorial. En definitiva, plantea pasar de la reacci\u00f3n ante el conflicto a su prevenci\u00f3n.<\/p>\n\n\n\n<p class=\"wp-block-paragraph\">Los acontecimientos de este verano no responden a un \u00fanico patr\u00f3n: el biometano muestra conflictos ya activos; los centros de datos, un debate que en Espa\u00f1a todav\u00eda est\u00e1 en una fase diferente; y la Uni\u00f3n Europea comienza a proporcionar herramientas espec\u00edficas para mejorar la participaci\u00f3n y aceptaci\u00f3n de los proyectos renovables.<\/p>\n\n\n\n<p class=\"wp-block-paragraph\">Pero todos apuntan hacia una misma pregunta:<\/p>\n\n\n\n<p class=\"wp-block-paragraph\"><strong>\u00bfEstamos incorporando suficientemente la dimensi\u00f3n social y territorial al dise\u00f1o de los proyectos antes de que aparezca el conflicto?<\/strong><\/p>\n\n\n\n<p class=\"wp-block-paragraph\">Y precisamente ah\u00ed es donde trabajamos desde <strong>FUINPASOS:<\/strong> ayudando a promotores y organizaciones a anticipar la dimensi\u00f3n social y territorial de sus proyectos, identificar actores y posibles riesgos, mejorar los procesos de di\u00e1logo y participaci\u00f3n y dise\u00f1ar estrategias que favorezcan una mejor integraci\u00f3n de los proyectos en el territorio. Gestionar la relaci\u00f3n con las comunidades antes de que aparezca el conflicto tambi\u00e9n es gestionar el riesgo del proyecto.<\/p>","protected":false},"excerpt":{"rendered":"<p>El verano de 2026 est\u00e1 dejando varias se\u00f1ales de un cambio relevante: la dimensi\u00f3n social y territorial de los proyectos de transici\u00f3n energ\u00e9tica y digital est\u00e1 adquiriendo un peso creciente. No se trata de afirmar que la oposici\u00f3n social est\u00e9 detr\u00e1s de cada cambio normativo ni de que exista un rechazo generalizado a estos proyectos. [&hellip;]<\/p>\n","protected":false},"author":1,"featured_media":3212,"comment_status":"open","ping_status":"open","sticky":false,"template":"","format":"standard","meta":{"_monsterinsights_skip_tracking":false,"footnotes":""},"categories":[26],"tags":[],"class_list":["post-3211","post","type-post","status-publish","format-standard","has-post-thumbnail","hentry","category-sostenibilidad"],"aioseo_notices":[],"aioseo_head":"\n\t\t<!-- All in One SEO 5.0.1.1 - aioseo.com -->\n\t<meta name=\"description\" content=\"El verano de 2026 est\u00e1 dejando varias se\u00f1ales de un cambio relevante: la dimensi\u00f3n social y territorial de los proyectos de transici\u00f3n energ\u00e9tica y digital est\u00e1 adquiriendo un peso creciente. No se trata de afirmar que la oposici\u00f3n social est\u00e9 detr\u00e1s de cada cambio normativo ni de que exista un rechazo generalizado a estos proyectos.\" \/>\n\t<meta name=\"robots\" content=\"max-image-preview:large\" \/>\n\t<meta name=\"author\" content=\"admin\"\/>\n\t<meta name=\"google-site-verification\" content=\"wnfAr2pHsHovypNcQIVyIkAWpNMM9lNoCTGulYL3390\" \/>\n\t<link rel=\"canonical\" href=\"https:\/\/funpasos.org\/en\/el-territorio-gana-peso-en-los-proyectos-de-transicion\/\" \/>\n\t<meta name=\"generator\" content=\"All in One SEO (AIOSEO) 5.0.1.1\" \/>\n\t\t<meta property=\"og:locale\" content=\"en_GB\" \/>\n\t\t<meta property=\"og:site_name\" content=\"FUNPASOS - Sitio web de la Fundaci\u00f3n por la Sostenibilidad Participativa\" \/>\n\t\t<meta property=\"og:type\" content=\"article\" \/>\n\t\t<meta property=\"og:title\" content=\"El territorio gana peso en los proyectos de transici\u00f3n - FUNPASOS\" \/>\n\t\t<meta property=\"og:description\" content=\"El verano de 2026 est\u00e1 dejando varias se\u00f1ales de un cambio relevante: la dimensi\u00f3n social y territorial de los proyectos de transici\u00f3n energ\u00e9tica y digital est\u00e1 adquiriendo un peso creciente. No se trata de afirmar que la oposici\u00f3n social est\u00e9 detr\u00e1s de cada cambio normativo ni de que exista un rechazo generalizado a estos proyectos.\" \/>\n\t\t<meta property=\"og:url\" content=\"https:\/\/funpasos.org\/en\/el-territorio-gana-peso-en-los-proyectos-de-transicion\/\" \/>\n\t\t<meta property=\"og:image\" content=\"https:\/\/funpasos.org\/wp-content\/uploads\/2023\/12\/Logo-Animado-Gif-Bombilla-Luces-Diseno-Creatividad-Logro-Neon-Azul-edited.png\" \/>\n\t\t<meta property=\"og:image:secure_url\" content=\"https:\/\/funpasos.org\/wp-content\/uploads\/2023\/12\/Logo-Animado-Gif-Bombilla-Luces-Diseno-Creatividad-Logro-Neon-Azul-edited.png\" \/>\n\t\t<meta property=\"og:image:width\" content=\"370\" \/>\n\t\t<meta property=\"og:image:height\" content=\"370\" \/>\n\t\t<meta property=\"article:published_time\" content=\"2026-08-31T09:02:00+00:00\" \/>\n\t\t<meta property=\"article:modified_time\" content=\"2026-08-28T11:04:40+00:00\" \/>\n\t\t<meta property=\"article:publisher\" content=\"https:\/\/www.facebook.com\/Funpasos\" \/>\n\t\t<meta name=\"twitter:card\" content=\"summary_large_image\" \/>\n\t\t<meta name=\"twitter:site\" content=\"@Funpasos_\" \/>\n\t\t<meta name=\"twitter:title\" content=\"El territorio gana peso en los proyectos de transici\u00f3n - FUNPASOS\" \/>\n\t\t<meta name=\"twitter:description\" content=\"El verano de 2026 est\u00e1 dejando varias se\u00f1ales de un cambio relevante: la dimensi\u00f3n social y territorial de los proyectos de transici\u00f3n energ\u00e9tica y digital est\u00e1 adquiriendo un peso creciente. No se trata de afirmar que la oposici\u00f3n social est\u00e9 detr\u00e1s de cada cambio normativo ni de que exista un rechazo generalizado a estos proyectos.\" \/>\n\t\t<meta name=\"twitter:creator\" content=\"@Funpasos_\" \/>\n\t\t<meta name=\"twitter:image\" content=\"https:\/\/funpasos.org\/wp-content\/uploads\/2023\/12\/Logo-Animado-Gif-Bombilla-Luces-Diseno-Creatividad-Logro-Neon-Azul-edited.png\" \/>\n\t\t<script type=\"application\/ld+json\" class=\"aioseo-schema\">\n\t\t\t{\"@context\":\"https:\\\/\\\/schema.org\",\"@graph\":[{\"@type\":\"BlogPosting\",\"@id\":\"https:\\\/\\\/funpasos.org\\\/en\\\/el-territorio-gana-peso-en-los-proyectos-de-transicion\\\/#blogposting\",\"name\":\"El territorio gana peso en los proyectos de transici\\u00f3n - FUNPASOS\",\"headline\":\"El territorio gana peso en los proyectos de transici\\u00f3n\",\"author\":{\"@id\":\"https:\\\/\\\/funpasos.org\\\/en\\\/author\\\/infoinnogestiona_oqbn8cpp\\\/#author\"},\"publisher\":{\"@id\":\"https:\\\/\\\/funpasos.org\\\/en\\\/#organization\"},\"image\":{\"@type\":\"ImageObject\",\"url\":\"https:\\\/\\\/funpasos.org\\\/wp-content\\\/uploads\\\/2026\\\/08\\\/funpasos.jpg\",\"width\":886,\"height\":498},\"datePublished\":\"2026-08-31T11:02:00+02:00\",\"dateModified\":\"2026-08-28T13:04:40+02:00\",\"inLanguage\":\"en-GB\",\"mainEntityOfPage\":{\"@id\":\"https:\\\/\\\/funpasos.org\\\/en\\\/el-territorio-gana-peso-en-los-proyectos-de-transicion\\\/#webpage\"},\"isPartOf\":{\"@id\":\"https:\\\/\\\/funpasos.org\\\/en\\\/el-territorio-gana-peso-en-los-proyectos-de-transicion\\\/#webpage\"},\"articleSection\":\"SOSTENIBILIDAD\"},{\"@type\":\"BreadcrumbList\",\"@id\":\"https:\\\/\\\/funpasos.org\\\/en\\\/el-territorio-gana-peso-en-los-proyectos-de-transicion\\\/#breadcrumblist\",\"itemListElement\":[{\"@type\":\"ListItem\",\"@id\":\"https:\\\/\\\/funpasos.org\\\/en#listItem\",\"position\":1,\"name\":\"Home\",\"item\":\"https:\\\/\\\/funpasos.org\\\/en\",\"nextItem\":{\"@type\":\"ListItem\",\"@id\":\"https:\\\/\\\/funpasos.org\\\/en\\\/category\\\/sostenibilidad\\\/#listItem\",\"name\":\"SOSTENIBILIDAD\"}},{\"@type\":\"ListItem\",\"@id\":\"https:\\\/\\\/funpasos.org\\\/en\\\/category\\\/sostenibilidad\\\/#listItem\",\"position\":2,\"name\":\"SOSTENIBILIDAD\",\"item\":\"https:\\\/\\\/funpasos.org\\\/en\\\/category\\\/sostenibilidad\\\/\",\"nextItem\":{\"@type\":\"ListItem\",\"@id\":\"https:\\\/\\\/funpasos.org\\\/en\\\/el-territorio-gana-peso-en-los-proyectos-de-transicion\\\/#listItem\",\"name\":\"El territorio gana peso en los proyectos de transici\\u00f3n\"},\"previousItem\":{\"@type\":\"ListItem\",\"@id\":\"https:\\\/\\\/funpasos.org\\\/en#listItem\",\"name\":\"Home\"}},{\"@type\":\"ListItem\",\"@id\":\"https:\\\/\\\/funpasos.org\\\/en\\\/el-territorio-gana-peso-en-los-proyectos-de-transicion\\\/#listItem\",\"position\":3,\"name\":\"El territorio gana peso en los proyectos de transici\\u00f3n\",\"previousItem\":{\"@type\":\"ListItem\",\"@id\":\"https:\\\/\\\/funpasos.org\\\/en\\\/category\\\/sostenibilidad\\\/#listItem\",\"name\":\"SOSTENIBILIDAD\"}}]},{\"@type\":\"Organization\",\"@id\":\"https:\\\/\\\/funpasos.org\\\/en\\\/#organization\",\"name\":\"FUNPASOS\",\"description\":\"PARA UN DESARROLLO SOSTENIBLE PARA TODAS Fundaci\\u00f3n espa\\u00f1ola creada para promover la sostenibilidad a trav\\u00e9s de la participaci\\u00f3n real de la ciudadan\\u00eda en las pol\\u00edticas necesarias para afrontar los retos medioambientales.\",\"url\":\"https:\\\/\\\/funpasos.org\\\/en\\\/\",\"telephone\":\"+34924207517\",\"logo\":{\"@type\":\"ImageObject\",\"url\":\"https:\\\/\\\/funpasos.org\\\/wp-content\\\/uploads\\\/2025\\\/03\\\/cropped-Logo-1.jpg\",\"@id\":\"https:\\\/\\\/funpasos.org\\\/en\\\/el-territorio-gana-peso-en-los-proyectos-de-transicion\\\/#organizationLogo\",\"width\":512,\"height\":512},\"image\":{\"@id\":\"https:\\\/\\\/funpasos.org\\\/en\\\/el-territorio-gana-peso-en-los-proyectos-de-transicion\\\/#organizationLogo\"},\"sameAs\":[\"https:\\\/\\\/www.facebook.com\\\/Funpasos\",\"https:\\\/\\\/x.com\\\/Funpasos_\",\"https:\\\/\\\/www.instagram.com\\\/funpasos\\\/\",\"https:\\\/\\\/www.linkedin.com\\\/in\\\/funpasos-fundacin-por-la-sostenibilidad-participativa-589b10246\\\/\"]},{\"@type\":\"Person\",\"@id\":\"https:\\\/\\\/funpasos.org\\\/en\\\/author\\\/infoinnogestiona_oqbn8cpp\\\/#author\",\"url\":\"https:\\\/\\\/funpasos.org\\\/en\\\/author\\\/infoinnogestiona_oqbn8cpp\\\/\",\"name\":\"admin\",\"image\":{\"@type\":\"ImageObject\",\"@id\":\"https:\\\/\\\/funpasos.org\\\/en\\\/el-territorio-gana-peso-en-los-proyectos-de-transicion\\\/#authorImage\",\"url\":\"https:\\\/\\\/secure.gravatar.com\\\/avatar\\\/bf9627169c4f92e8d5b248ac0e8ae8a8ba57af82bcdf1c1ea7ff6ffa2e9a2ac9?s=96&d=mm&r=g\",\"width\":96,\"height\":96,\"caption\":\"admin\"}},{\"@type\":\"WebPage\",\"@id\":\"https:\\\/\\\/funpasos.org\\\/en\\\/el-territorio-gana-peso-en-los-proyectos-de-transicion\\\/#webpage\",\"url\":\"https:\\\/\\\/funpasos.org\\\/en\\\/el-territorio-gana-peso-en-los-proyectos-de-transicion\\\/\",\"name\":\"El territorio gana peso en los proyectos de transici\\u00f3n - FUNPASOS\",\"description\":\"El verano de 2026 est\\u00e1 dejando varias se\\u00f1ales de un cambio relevante: la dimensi\\u00f3n social y territorial de los proyectos de transici\\u00f3n energ\\u00e9tica y digital est\\u00e1 adquiriendo un peso creciente. No se trata de afirmar que la oposici\\u00f3n social est\\u00e9 detr\\u00e1s de cada cambio normativo ni de que exista un rechazo generalizado a estos proyectos.\",\"inLanguage\":\"en-GB\",\"isPartOf\":{\"@id\":\"https:\\\/\\\/funpasos.org\\\/en\\\/#website\"},\"breadcrumb\":{\"@id\":\"https:\\\/\\\/funpasos.org\\\/en\\\/el-territorio-gana-peso-en-los-proyectos-de-transicion\\\/#breadcrumblist\"},\"author\":{\"@id\":\"https:\\\/\\\/funpasos.org\\\/en\\\/author\\\/infoinnogestiona_oqbn8cpp\\\/#author\"},\"creator\":{\"@id\":\"https:\\\/\\\/funpasos.org\\\/en\\\/author\\\/infoinnogestiona_oqbn8cpp\\\/#author\"},\"image\":{\"@type\":\"ImageObject\",\"url\":\"https:\\\/\\\/funpasos.org\\\/wp-content\\\/uploads\\\/2026\\\/08\\\/funpasos.jpg\",\"@id\":\"https:\\\/\\\/funpasos.org\\\/en\\\/el-territorio-gana-peso-en-los-proyectos-de-transicion\\\/#mainImage\",\"width\":886,\"height\":498},\"primaryImageOfPage\":{\"@id\":\"https:\\\/\\\/funpasos.org\\\/en\\\/el-territorio-gana-peso-en-los-proyectos-de-transicion\\\/#mainImage\"},\"datePublished\":\"2026-08-31T11:02:00+02:00\",\"dateModified\":\"2026-08-28T13:04:40+02:00\"},{\"@type\":\"WebSite\",\"@id\":\"https:\\\/\\\/funpasos.org\\\/en\\\/#website\",\"url\":\"https:\\\/\\\/funpasos.org\\\/en\\\/\",\"name\":\"FUNPASOS\",\"alternateName\":\"FUNPASOS\",\"description\":\"Sitio web de la Fundaci\\u00f3n por la Sostenibilidad Participativa\",\"inLanguage\":\"en-GB\",\"publisher\":{\"@id\":\"https:\\\/\\\/funpasos.org\\\/en\\\/#organization\"}}]}\n\t\t<\/script>\n\t\t<!-- All in One SEO -->\n\n","aioseo_head_json":{"title":"El territorio gana peso en los proyectos de transici\u00f3n - FUNPASOS","description":"El verano de 2026 est\u00e1 dejando varias se\u00f1ales de un cambio relevante: la dimensi\u00f3n social y territorial de los proyectos de transici\u00f3n energ\u00e9tica y digital est\u00e1 adquiriendo un peso creciente. No se trata de afirmar que la oposici\u00f3n social est\u00e9 detr\u00e1s de cada cambio normativo ni de que exista un rechazo generalizado a estos proyectos.","canonical_url":"https:\/\/funpasos.org\/en\/el-territorio-gana-peso-en-los-proyectos-de-transicion\/","robots":"max-image-preview:large","keywords":"","webmasterTools":{"google-site-verification":"wnfAr2pHsHovypNcQIVyIkAWpNMM9lNoCTGulYL3390","miscellaneous":""},"schema":{"@context":"https:\/\/schema.org","@graph":[{"@type":"BlogPosting","@id":"https:\/\/funpasos.org\/en\/el-territorio-gana-peso-en-los-proyectos-de-transicion\/#blogposting","name":"El territorio gana peso en los proyectos de transici\u00f3n - FUNPASOS","headline":"El territorio gana peso en los proyectos de transici\u00f3n","author":{"@id":"https:\/\/funpasos.org\/en\/author\/infoinnogestiona_oqbn8cpp\/#author"},"publisher":{"@id":"https:\/\/funpasos.org\/en\/#organization"},"image":{"@type":"ImageObject","url":"https:\/\/funpasos.org\/wp-content\/uploads\/2026\/08\/funpasos.jpg","width":886,"height":498},"datePublished":"2026-08-31T11:02:00+02:00","dateModified":"2026-08-28T13:04:40+02:00","inLanguage":"en-GB","mainEntityOfPage":{"@id":"https:\/\/funpasos.org\/en\/el-territorio-gana-peso-en-los-proyectos-de-transicion\/#webpage"},"isPartOf":{"@id":"https:\/\/funpasos.org\/en\/el-territorio-gana-peso-en-los-proyectos-de-transicion\/#webpage"},"articleSection":"SOSTENIBILIDAD"},{"@type":"BreadcrumbList","@id":"https:\/\/funpasos.org\/en\/el-territorio-gana-peso-en-los-proyectos-de-transicion\/#breadcrumblist","itemListElement":[{"@type":"ListItem","@id":"https:\/\/funpasos.org\/en#listItem","position":1,"name":"Home","item":"https:\/\/funpasos.org\/en","nextItem":{"@type":"ListItem","@id":"https:\/\/funpasos.org\/en\/category\/sostenibilidad\/#listItem","name":"SOSTENIBILIDAD"}},{"@type":"ListItem","@id":"https:\/\/funpasos.org\/en\/category\/sostenibilidad\/#listItem","position":2,"name":"SOSTENIBILIDAD","item":"https:\/\/funpasos.org\/en\/category\/sostenibilidad\/","nextItem":{"@type":"ListItem","@id":"https:\/\/funpasos.org\/en\/el-territorio-gana-peso-en-los-proyectos-de-transicion\/#listItem","name":"El territorio gana peso en los proyectos de transici\u00f3n"},"previousItem":{"@type":"ListItem","@id":"https:\/\/funpasos.org\/en#listItem","name":"Home"}},{"@type":"ListItem","@id":"https:\/\/funpasos.org\/en\/el-territorio-gana-peso-en-los-proyectos-de-transicion\/#listItem","position":3,"name":"El territorio gana peso en los proyectos de transici\u00f3n","previousItem":{"@type":"ListItem","@id":"https:\/\/funpasos.org\/en\/category\/sostenibilidad\/#listItem","name":"SOSTENIBILIDAD"}}]},{"@type":"Organization","@id":"https:\/\/funpasos.org\/en\/#organization","name":"FUNPASOS","description":"PARA UN DESARROLLO SOSTENIBLE PARA TODAS Fundaci\u00f3n espa\u00f1ola creada para promover la sostenibilidad a trav\u00e9s de la participaci\u00f3n real de la ciudadan\u00eda en las pol\u00edticas necesarias para afrontar los retos medioambientales.","url":"https:\/\/funpasos.org\/en\/","telephone":"+34924207517","logo":{"@type":"ImageObject","url":"https:\/\/funpasos.org\/wp-content\/uploads\/2025\/03\/cropped-Logo-1.jpg","@id":"https:\/\/funpasos.org\/en\/el-territorio-gana-peso-en-los-proyectos-de-transicion\/#organizationLogo","width":512,"height":512},"image":{"@id":"https:\/\/funpasos.org\/en\/el-territorio-gana-peso-en-los-proyectos-de-transicion\/#organizationLogo"},"sameAs":["https:\/\/www.facebook.com\/Funpasos","https:\/\/x.com\/Funpasos_","https:\/\/www.instagram.com\/funpasos\/","https:\/\/www.linkedin.com\/in\/funpasos-fundacin-por-la-sostenibilidad-participativa-589b10246\/"]},{"@type":"Person","@id":"https:\/\/funpasos.org\/en\/author\/infoinnogestiona_oqbn8cpp\/#author","url":"https:\/\/funpasos.org\/en\/author\/infoinnogestiona_oqbn8cpp\/","name":"admin","image":{"@type":"ImageObject","@id":"https:\/\/funpasos.org\/en\/el-territorio-gana-peso-en-los-proyectos-de-transicion\/#authorImage","url":"https:\/\/secure.gravatar.com\/avatar\/bf9627169c4f92e8d5b248ac0e8ae8a8ba57af82bcdf1c1ea7ff6ffa2e9a2ac9?s=96&d=mm&r=g","width":96,"height":96,"caption":"admin"}},{"@type":"WebPage","@id":"https:\/\/funpasos.org\/en\/el-territorio-gana-peso-en-los-proyectos-de-transicion\/#webpage","url":"https:\/\/funpasos.org\/en\/el-territorio-gana-peso-en-los-proyectos-de-transicion\/","name":"El territorio gana peso en los proyectos de transici\u00f3n - FUNPASOS","description":"El verano de 2026 est\u00e1 dejando varias se\u00f1ales de un cambio relevante: la dimensi\u00f3n social y territorial de los proyectos de transici\u00f3n energ\u00e9tica y digital est\u00e1 adquiriendo un peso creciente. No se trata de afirmar que la oposici\u00f3n social est\u00e9 detr\u00e1s de cada cambio normativo ni de que exista un rechazo generalizado a estos proyectos.","inLanguage":"en-GB","isPartOf":{"@id":"https:\/\/funpasos.org\/en\/#website"},"breadcrumb":{"@id":"https:\/\/funpasos.org\/en\/el-territorio-gana-peso-en-los-proyectos-de-transicion\/#breadcrumblist"},"author":{"@id":"https:\/\/funpasos.org\/en\/author\/infoinnogestiona_oqbn8cpp\/#author"},"creator":{"@id":"https:\/\/funpasos.org\/en\/author\/infoinnogestiona_oqbn8cpp\/#author"},"image":{"@type":"ImageObject","url":"https:\/\/funpasos.org\/wp-content\/uploads\/2026\/08\/funpasos.jpg","@id":"https:\/\/funpasos.org\/en\/el-territorio-gana-peso-en-los-proyectos-de-transicion\/#mainImage","width":886,"height":498},"primaryImageOfPage":{"@id":"https:\/\/funpasos.org\/en\/el-territorio-gana-peso-en-los-proyectos-de-transicion\/#mainImage"},"datePublished":"2026-08-31T11:02:00+02:00","dateModified":"2026-08-28T13:04:40+02:00"},{"@type":"WebSite","@id":"https:\/\/funpasos.org\/en\/#website","url":"https:\/\/funpasos.org\/en\/","name":"FUNPASOS","alternateName":"FUNPASOS","description":"Sitio web de la Fundaci\u00f3n por la Sostenibilidad Participativa","inLanguage":"en-GB","publisher":{"@id":"https:\/\/funpasos.org\/en\/#organization"}}]},"og:locale":"en_GB","og:site_name":"FUNPASOS - Sitio web de la Fundaci\u00f3n por la Sostenibilidad Participativa","og:type":"article","og:title":"El territorio gana peso en los proyectos de transici\u00f3n - FUNPASOS","og:description":"El verano de 2026 est\u00e1 dejando varias se\u00f1ales de un cambio relevante: la dimensi\u00f3n social y territorial de los proyectos de transici\u00f3n energ\u00e9tica y digital est\u00e1 adquiriendo un peso creciente. No se trata de afirmar que la oposici\u00f3n social est\u00e9 detr\u00e1s de cada cambio normativo ni de que exista un rechazo generalizado a estos proyectos.","og:url":"https:\/\/funpasos.org\/en\/el-territorio-gana-peso-en-los-proyectos-de-transicion\/","og:image":"https:\/\/funpasos.org\/wp-content\/uploads\/2023\/12\/Logo-Animado-Gif-Bombilla-Luces-Diseno-Creatividad-Logro-Neon-Azul-edited.png","og:image:secure_url":"https:\/\/funpasos.org\/wp-content\/uploads\/2023\/12\/Logo-Animado-Gif-Bombilla-Luces-Diseno-Creatividad-Logro-Neon-Azul-edited.png","og:image:width":370,"og:image:height":370,"article:published_time":"2026-08-31T09:02:00+00:00","article:modified_time":"2026-08-28T11:04:40+00:00","article:publisher":"https:\/\/www.facebook.com\/Funpasos","twitter:card":"summary_large_image","twitter:site":"@Funpasos_","twitter:title":"El territorio gana peso en los proyectos de transici\u00f3n - FUNPASOS","twitter:description":"El verano de 2026 est\u00e1 dejando varias se\u00f1ales de un cambio relevante: la dimensi\u00f3n social y territorial de los proyectos de transici\u00f3n energ\u00e9tica y digital est\u00e1 adquiriendo un peso creciente. No se trata de afirmar que la oposici\u00f3n social est\u00e9 detr\u00e1s de cada cambio normativo ni de que exista un rechazo generalizado a estos proyectos.","twitter:creator":"@Funpasos_","twitter:image":"https:\/\/funpasos.org\/wp-content\/uploads\/2023\/12\/Logo-Animado-Gif-Bombilla-Luces-Diseno-Creatividad-Logro-Neon-Azul-edited.png"},"aioseo_meta_data":{"post_id":"3211","title":null,"description":null,"keywords":null,"keyphrases":{"focus":{"keyphrase":"","score":0,"analysis":{"keyphraseInTitle":{"score":0,"maxScore":9,"error":1}}},"additional":[]},"primary_term":null,"canonical_url":null,"og_title":null,"og_description":null,"og_object_type":"default","og_image_type":"default","og_image_url":null,"og_image_width":null,"og_image_height":null,"og_image_custom_url":null,"og_image_custom_fields":null,"og_video":"","og_custom_url":null,"og_article_section":null,"og_article_tags":null,"twitter_use_og":false,"twitter_card":"default","twitter_image_type":"default","twitter_image_url":null,"twitter_image_custom_url":null,"twitter_image_custom_fields":null,"twitter_title":null,"twitter_description":null,"schema":{"blockGraphs":[],"customGraphs":[],"default":{"data":{"Article":[],"Course":[],"Dataset":[],"FAQPage":[],"Movie":[],"Person":[],"Product":[],"ProductReview":[],"Car":[],"Recipe":[],"Service":[],"SoftwareApplication":[],"WebPage":[]},"graphName":"BlogPosting","isEnabled":true},"graphs":[]},"schema_type":"default","schema_type_options":null,"pillar_content":false,"robots_default":true,"robots_noindex":false,"robots_noarchive":false,"robots_nosnippet":false,"robots_nofollow":false,"robots_noimageindex":false,"robots_noodp":false,"robots_notranslate":false,"robots_max_snippet":"-1","robots_max_videopreview":"-1","robots_max_imagepreview":"large","priority":null,"frequency":"default","local_seo":null,"breadcrumb_settings":null,"limit_modified_date":false,"ai":{"faqs":[],"keyPoints":[],"schemas":[],"titles":[],"descriptions":[],"socialPosts":{"email":{"subject":"","preview":"","content":""},"linkedin":[],"twitter":[],"facebook":[],"instagram":[]}},"created":"2026-08-28 11:04:40","updated":"2026-08-31 09:24:43","seo_analyzer_scan_date":null,"focus_keyword":null,"additional_keywords":null,"truseo_locale":null},"aioseo_breadcrumb":"<div class=\"aioseo-breadcrumbs\"><span class=\"aioseo-breadcrumb\">\n\t\t\t<a href=\"https:\/\/funpasos.org\/en\" title=\"Home\">Home<\/a>\n\t\t<\/span><span class=\"aioseo-breadcrumb-separator\">&raquo;<\/span><span class=\"aioseo-breadcrumb\">\n\t\t\t<a href=\"https:\/\/funpasos.org\/en\/category\/sostenibilidad\/\" title=\"SOSTENIBILIDAD\">SOSTENIBILIDAD<\/a>\n\t\t<\/span><span class=\"aioseo-breadcrumb-separator\">&raquo;<\/span><span class=\"aioseo-breadcrumb\">\n\t\t\tEl territorio gana peso en los proyectos de transici\u00f3n\n\t\t<\/span><\/div>","aioseo_breadcrumb_json":[{"label":"Home","link":"https:\/\/funpasos.org\/en"},{"label":"SOSTENIBILIDAD","link":"https:\/\/funpasos.org\/en\/category\/sostenibilidad\/"},{"label":"El territorio gana peso en los proyectos de transici\u00f3n","link":"https:\/\/funpasos.org\/en\/el-territorio-gana-peso-en-los-proyectos-de-transicion\/"}],"_links":{"self":[{"href":"https:\/\/funpasos.org\/en\/wp-json\/wp\/v2\/posts\/3211","targetHints":{"allow":["GET"]}}],"collection":[{"href":"https:\/\/funpasos.org\/en\/wp-json\/wp\/v2\/posts"}],"about":[{"href":"https:\/\/funpasos.org\/en\/wp-json\/wp\/v2\/types\/post"}],"author":[{"embeddable":true,"href":"https:\/\/funpasos.org\/en\/wp-json\/wp\/v2\/users\/1"}],"replies":[{"embeddable":true,"href":"https:\/\/funpasos.org\/en\/wp-json\/wp\/v2\/comments?post=3211"}],"version-history":[{"count":1,"href":"https:\/\/funpasos.org\/en\/wp-json\/wp\/v2\/posts\/3211\/revisions"}],"predecessor-version":[{"id":3213,"href":"https:\/\/funpasos.org\/en\/wp-json\/wp\/v2\/posts\/3211\/revisions\/3213"}],"wp:featuredmedia":[{"embeddable":true,"href":"https:\/\/funpasos.org\/en\/wp-json\/wp\/v2\/media\/3212"}],"wp:attachment":[{"href":"https:\/\/funpasos.org\/en\/wp-json\/wp\/v2\/media?parent=3211"}],"wp:term":[{"taxonomy":"category","embeddable":true,"href":"https:\/\/funpasos.org\/en\/wp-json\/wp\/v2\/categories?post=3211"},{"taxonomy":"post_tag","embeddable":true,"href":"https:\/\/funpasos.org\/en\/wp-json\/wp\/v2\/tags?post=3211"}],"curies":[{"name":"wp","href":"https:\/\/api.w.org\/{rel}","templated":true}]}}